{"id":2227,"count":1,"description":"","link":"https:\/\/globalhealthintelligence.com\/es\/tag\/las-afecciones-mas-preocupantes-en-argentina-incluyen-las-afecciones-ya-mencionadas-mas-dolor-de-baja-espalda-y-de-cuello-diabetes-migranas-y-otros-problemas-musculoesqueleticos\/","name":"las afecciones m\u00e1s preocupantes en Argentina incluyen las afecciones ya mencionadas m\u00e1s dolor de baja espalda y de cuello diabetes migra\u00f1as y otros problemas musculoesquel\u00e9ticos","slug":"las-afecciones-mas-preocupantes-en-argentina-incluyen-las-afecciones-ya-mencionadas-mas-dolor-de-baja-espalda-y-de-cuello-diabetes-migranas-y-otros-problemas-musculoesqueleticos","taxonomy":"post_tag","meta":[],"_links":{"self":[{"href":"https:\/\/globalhealthintelligence.com\/es\/wp-json\/wp\/v2\/tags\/2227","targetHints":{"allow":["GET"]}}],"collection":[{"href":"https:\/\/globalhealthintelligence.com\/es\/wp-json\/wp\/v2\/tags"}],"about":[{"href":"https:\/\/globalhealthintelligence.com\/es\/wp-json\/wp\/v2\/taxonomies\/post_tag"}],"wp:post_type":[{"href":"https:\/\/globalhealthintelligence.com\/es\/wp-json\/wp\/v2\/posts?tags=2227"}],"curies":[{"name":"wp","href":"https:\/\/api.w.org\/{rel}","templated":true}]}}